{"id":1038,"date":"2016-05-14T20:38:50","date_gmt":"2016-05-14T19:38:50","guid":{"rendered":"http:\/\/www.einstein-buchau.de\/?p=1038"},"modified":"2016-05-15T16:51:46","modified_gmt":"2016-05-15T15:51:46","slug":"gabriele-einstein-zeigt-federleichtes-vom-federsee","status":"publish","type":"post","link":"https:\/\/www.einstein.de\/?p=1038","title":{"rendered":"Gabriele Einstein zeigt Federleichtes vom Federsee"},"content":{"rendered":"<p>K\u00fcnstlerin Gabriele Einstein pr\u00e4sentiert ihre dritte Ausstellung in der Galerie Heike Schumacher in \u00dcberlingen.<\/p>\n<p>\u201eNeue Landschaften und Horizonte\u201c verspricht Gabriele Einstein mit ihren Arbeiten, die derzeit in der Galerie Heike Schumacher zu sehen sind. Gestaltet sind sie in Acryl und \u00d6l auf Leinwand, entstanden im Atelier der 1956 geborenen, freischaffenden Malerin in Bad Buchau am Federsee. Dieser ist es auch, der die Malerin beeinflusst und nicht mehr losl\u00e4sst.<\/p>\n<p>Obwohl die ber\u00fchmt-ber\u00fcckende Federsee-Landschaft auf allen Leinw\u00e4nden zu sehen und zu sp\u00fcren ist, nennt sich Gabriele Einstein keine Landschaftsmalerin im engeren Sinn. \u201eInspirationsquelle f\u00fcr diese Landschaftsr\u00e4ume sind die eigene Wahrnehmung und Imagination\u201c versucht sie, ihre fragilen und teilweise fragmentarisch wirkenden Arbeiten zu beschreiben. Sie bet\u00f6ren durch den nahezu vollst\u00e4ndigen Verzicht auf Farbe und die flirrenden Grau- und Schwarzt\u00f6ne suggerieren etwas Lebendiges, etwas Verg\u00e4ngliches, etwas Liebenswertes.<\/p>\n<p>Laudator Erwin Niederer zeigte sich von den Arbeiten Gabriele Einsteins ber\u00fchrt. Sein Motto ist: \u201eWer \u00fcber Kunst reden will, muss sie sp\u00fcren\u201c und so erz\u00e4hlte er voller Empathie von seinen Gespr\u00e4chen mit der K\u00fcnstlerin, die bereits das dritte Mal bei Heike Schumacher ausstellt. \u201eAuf dem Steg begegnet die Malerin den Dingen, die sie bewegen. Wer in diese Landschaft eintaucht, verliert alles hinter sich. Das Schilf schluckt alles, man nimmt die Ger\u00e4usche der Landschaft und der Einsamkeit wahr.<\/p>\n<p class=\"nurwennwerbung\">\u201c Er bescheinigt der Malenden \u201eeine ber\u00fchrende, neue Lebenslandschaft mit immer neuen Horizonten, die eine Stimmung, ein Gesamtbefinden ausdr\u00fcckt\u201c. Dominant, aber einladend sind die lichten Birkenw\u00e4lder Einsteins. Luftig, lockend, leichtlebig. Ihre unaufdringliche Schlankheit l\u00e4sst dem Blick und dem Betrachter eine Chance zur Illusion, zur Impression, zur Innigkeit. Gabriele Einstein bannt auf faszinierende Weise mit federleicht wirkender Hand die oft d\u00fcstere Federsee-Landschaft und verwandelt sie in einen realen Traum.<\/p>\n<p>Gabriele Einstein stellt ihre Arbeiten unter dem Titel \u201eNeue Landschaften und Horizonte\u201c noch bis zum 21. Mai zu den \u00fcblichen \u00d6ffnungszeiten in der Galerie Heike Schumacher, Hochbildstra\u00dfe 22a, in \u00dcberlingen aus.<\/p>\n<p><time class=\"article-time\" datetime=\"2016-04-15T01:07:41Z\">S\u00fcdkurier 15.04.2016 02:07\u00a0<\/time> <span class=\"article-author\">ANGELA K\u00d6RNER-ARMBRUSTER<\/span><\/p>\n","protected":false},"excerpt":{"rendered":"<p>K\u00fcnstlerin Gabriele Einstein pr\u00e4sentiert ihre dritte Ausstellung in der Galerie Heike Schumacher in \u00dcberlingen. \u201eNeue Landschaften und Horizonte\u201c verspricht Gabriele Einstein mit ihren Arbeiten, die derzeit in der Galerie Heike Schumacher zu sehen sind. Gestaltet sind sie in Acryl und \u00d6l auf Leinwand, entstanden im Atelier der 1956 geborenen, freischaffenden Malerin in Bad Buchau am &hellip; <\/p>\n<p class=\"link-more\"><a href=\"https:\/\/www.einstein.de\/?p=1038\" class=\"more-link\"><span class=\"screen-reader-text\">\u201eGabriele Einstein zeigt Federleichtes vom Federsee\u201c <\/span>weiterlesen<\/a><\/p>\n","protected":false},"author":1,"featured_media":0,"comment_status":"closed","ping_status":"open","sticky":false,"template":"","format":"standard","meta":{"footnotes":""},"categories":[6,13],"tags":[],"class_list":["post-1038","post","type-post","status-publish","format-standard","hentry","category-aktuelles","category-presse"],"_links":{"self":[{"href":"https:\/\/www.einstein.de\/index.php?rest_route=\/wp\/v2\/posts\/1038","targetHints":{"allow":["GET"]}}],"collection":[{"href":"https:\/\/www.einstein.de\/index.php?rest_route=\/wp\/v2\/posts"}],"about":[{"href":"https:\/\/www.einstein.de\/index.php?rest_route=\/wp\/v2\/types\/post"}],"author":[{"embeddable":true,"href":"https:\/\/www.einstein.de\/index.php?rest_route=\/wp\/v2\/users\/1"}],"replies":[{"embeddable":true,"href":"https:\/\/www.einstein.de\/index.php?rest_route=%2Fwp%2Fv2%2Fcomments&post=1038"}],"version-history":[{"count":1,"href":"https:\/\/www.einstein.de\/index.php?rest_route=\/wp\/v2\/posts\/1038\/revisions"}],"predecessor-version":[{"id":1039,"href":"https:\/\/www.einstein.de\/index.php?rest_route=\/wp\/v2\/posts\/1038\/revisions\/1039"}],"wp:attachment":[{"href":"https:\/\/www.einstein.de\/index.php?rest_route=%2Fwp%2Fv2%2Fmedia&parent=1038"}],"wp:term":[{"taxonomy":"category","embeddable":true,"href":"https:\/\/www.einstein.de\/index.php?rest_route=%2Fwp%2Fv2%2Fcategories&post=1038"},{"taxonomy":"post_tag","embeddable":true,"href":"https:\/\/www.einstein.de\/index.php?rest_route=%2Fwp%2Fv2%2Ftags&post=1038"}],"curies":[{"name":"wp","href":"https:\/\/api.w.org\/{rel}","templated":true}]}}